{"id":11652,"date":"2025-02-07T07:25:13","date_gmt":"2025-02-07T07:25:13","guid":{"rendered":"https:\/\/www.vaar.law\/?p=11652"},"modified":"2025-02-07T08:43:10","modified_gmt":"2025-02-07T08:43:10","slug":"fra-frykt-til-fremgang-hvordan-ai-endrer-maten-vi-jobber-pa","status":"publish","type":"post","link":"https:\/\/www.vaar.law\/en\/fra-frykt-til-fremgang-hvordan-ai-endrer-maten-vi-jobber-pa\/","title":{"rendered":"Fra frykt til fremgang: Hvordan AI endrer m\u00e5ten vi jobber p\u00e5"},"content":{"rendered":"<p>Hva skjer med ansettelsesforholdene n\u00e5r kunstig intelligens gradvis overtar flere arbeidsoppgaver? For mange arbeidstakere betyr dette at oppgavene deres kan utf\u00f8res raskere, billigere og mer presist av AI-verkt\u00f8y.<\/p>","protected":false},"excerpt":{"rendered":"<p>Hva skjer med ansettelsesforholdene n\u00e5r kunstig intelligens gradvis overtar flere arbeidsoppgaver? For mange arbeidstakere betyr dette at oppgavene deres kan utf\u00f8res raskere, billigere og mer presist av AI-verkt\u00f8y.<\/p>","protected":false},"author":3,"featured_media":11686,"comment_status":"closed","ping_status":"closed","sticky":false,"template":"","format":"standard","meta":{"_jetpack_memberships_contains_paid_content":false,"footnotes":"","jetpack_publicize_message":"","jetpack_publicize_feature_enabled":true,"jetpack_social_post_already_shared":true,"jetpack_social_options":{"image_generator_settings":{"template":"highway","default_image_id":0,"font":"","enabled":false},"version":2},"_wpas_customize_per_network":false},"categories":[93,91],"tags":[],"class_list":["post-11652","post","type-post","status-publish","format-standard","has-post-thumbnail","hentry","category-anskaffelser","category-innsikt"],"yoast_head":"<!-- This site is optimized with the Yoast SEO plugin v27.5 - https:\/\/yoast.com\/product\/yoast-seo-wordpress\/ -->\n<title>Fra frykt til fremgang: Hvordan AI endrer m\u00e5ten vi jobber p\u00e5 - Vaar advokat<\/title>\n<meta name=\"description\" content=\"Hvordan p\u00e5virker AI arbeidsplassen?\" \/>\n<meta name=\"robots\" content=\"index, follow, max-snippet:-1, max-image-preview:large, max-video-preview:-1\" \/>\n<link rel=\"canonical\" href=\"https:\/\/www.vaar.law\/en\/fra-frykt-til-fremgang-hvordan-ai-endrer-maten-vi-jobber-pa\/\" \/>\n<meta property=\"og:locale\" content=\"en_GB\" \/>\n<meta property=\"og:type\" content=\"article\" \/>\n<meta property=\"og:title\" content=\"Fra frykt til fremgang: Hvordan AI endrer m\u00e5ten vi jobber p\u00e5 - Vaar advokat\" \/>\n<meta property=\"og:description\" content=\"Hvordan p\u00e5virker AI arbeidsplassen?\" \/>\n<meta property=\"og:url\" content=\"https:\/\/www.vaar.law\/en\/fra-frykt-til-fremgang-hvordan-ai-endrer-maten-vi-jobber-pa\/\" \/>\n<meta property=\"og:site_name\" content=\"Vaar advokat\" \/>\n<meta property=\"article:published_time\" content=\"2025-02-07T07:25:13+00:00\" \/>\n<meta property=\"article:modified_time\" content=\"2025-02-07T08:43:10+00:00\" \/>\n<meta property=\"og:image\" content=\"https:\/\/www.vaar.law\/wp-content\/uploads\/2025\/02\/AI-pa-arbeidsplassen-1.webp\" \/>\n\t<meta property=\"og:image:width\" content=\"1200\" \/>\n\t<meta property=\"og:image:height\" content=\"627\" \/>\n\t<meta property=\"og:image:type\" content=\"image\/webp\" \/>\n<meta name=\"author\" content=\"Niklas\" \/>\n<meta name=\"twitter:card\" content=\"summary_large_image\" \/>\n<meta name=\"twitter:label1\" content=\"Written by\" \/>\n\t<meta name=\"twitter:data1\" content=\"Niklas\" \/>\n\t<meta name=\"twitter:label2\" content=\"Estimated reading time\" \/>\n\t<meta name=\"twitter:data2\" content=\"6 minutes\" \/>\n<script type=\"application\/ld+json\" class=\"yoast-schema-graph\">{\"@context\":\"https:\\\/\\\/schema.org\",\"@graph\":[{\"@type\":\"Article\",\"@id\":\"https:\\\/\\\/www.vaar.law\\\/fra-frykt-til-fremgang-hvordan-ai-endrer-maten-vi-jobber-pa\\\/#article\",\"isPartOf\":{\"@id\":\"https:\\\/\\\/www.vaar.law\\\/fra-frykt-til-fremgang-hvordan-ai-endrer-maten-vi-jobber-pa\\\/\"},\"author\":{\"name\":\"Niklas\",\"@id\":\"https:\\\/\\\/www.vaar.law\\\/#\\\/schema\\\/person\\\/41a84e9e3b356b1ed6e5f54380f986b8\"},\"headline\":\"Fra frykt til fremgang: Hvordan AI endrer m\u00e5ten vi jobber p\u00e5\",\"datePublished\":\"2025-02-07T07:25:13+00:00\",\"dateModified\":\"2025-02-07T08:43:10+00:00\",\"mainEntityOfPage\":{\"@id\":\"https:\\\/\\\/www.vaar.law\\\/fra-frykt-til-fremgang-hvordan-ai-endrer-maten-vi-jobber-pa\\\/\"},\"wordCount\":43,\"publisher\":{\"@id\":\"https:\\\/\\\/www.vaar.law\\\/#organization\"},\"image\":{\"@id\":\"https:\\\/\\\/www.vaar.law\\\/fra-frykt-til-fremgang-hvordan-ai-endrer-maten-vi-jobber-pa\\\/#primaryimage\"},\"thumbnailUrl\":\"https:\\\/\\\/www.vaar.law\\\/wp-content\\\/uploads\\\/2025\\\/02\\\/AI-pa-arbeidsplassen-1.webp\",\"articleSection\":[\"Anskaffelser\",\"Innsikt\"],\"inLanguage\":\"en-GB\"},{\"@type\":\"WebPage\",\"@id\":\"https:\\\/\\\/www.vaar.law\\\/fra-frykt-til-fremgang-hvordan-ai-endrer-maten-vi-jobber-pa\\\/\",\"url\":\"https:\\\/\\\/www.vaar.law\\\/fra-frykt-til-fremgang-hvordan-ai-endrer-maten-vi-jobber-pa\\\/\",\"name\":\"Fra frykt til fremgang: Hvordan AI endrer m\u00e5ten vi jobber p\u00e5 - Vaar advokat\",\"isPartOf\":{\"@id\":\"https:\\\/\\\/www.vaar.law\\\/#website\"},\"primaryImageOfPage\":{\"@id\":\"https:\\\/\\\/www.vaar.law\\\/fra-frykt-til-fremgang-hvordan-ai-endrer-maten-vi-jobber-pa\\\/#primaryimage\"},\"image\":{\"@id\":\"https:\\\/\\\/www.vaar.law\\\/fra-frykt-til-fremgang-hvordan-ai-endrer-maten-vi-jobber-pa\\\/#primaryimage\"},\"thumbnailUrl\":\"https:\\\/\\\/www.vaar.law\\\/wp-content\\\/uploads\\\/2025\\\/02\\\/AI-pa-arbeidsplassen-1.webp\",\"datePublished\":\"2025-02-07T07:25:13+00:00\",\"dateModified\":\"2025-02-07T08:43:10+00:00\",\"description\":\"Hvordan p\u00e5virker AI arbeidsplassen?\",\"breadcrumb\":{\"@id\":\"https:\\\/\\\/www.vaar.law\\\/fra-frykt-til-fremgang-hvordan-ai-endrer-maten-vi-jobber-pa\\\/#breadcrumb\"},\"inLanguage\":\"en-GB\",\"potentialAction\":[{\"@type\":\"ReadAction\",\"target\":[\"https:\\\/\\\/www.vaar.law\\\/fra-frykt-til-fremgang-hvordan-ai-endrer-maten-vi-jobber-pa\\\/\"]}]},{\"@type\":\"ImageObject\",\"inLanguage\":\"en-GB\",\"@id\":\"https:\\\/\\\/www.vaar.law\\\/fra-frykt-til-fremgang-hvordan-ai-endrer-maten-vi-jobber-pa\\\/#primaryimage\",\"url\":\"https:\\\/\\\/www.vaar.law\\\/wp-content\\\/uploads\\\/2025\\\/02\\\/AI-pa-arbeidsplassen-1.webp\",\"contentUrl\":\"https:\\\/\\\/www.vaar.law\\\/wp-content\\\/uploads\\\/2025\\\/02\\\/AI-pa-arbeidsplassen-1.webp\",\"width\":1200,\"height\":627},{\"@type\":\"BreadcrumbList\",\"@id\":\"https:\\\/\\\/www.vaar.law\\\/fra-frykt-til-fremgang-hvordan-ai-endrer-maten-vi-jobber-pa\\\/#breadcrumb\",\"itemListElement\":[{\"@type\":\"ListItem\",\"position\":1,\"name\":\"Home\",\"item\":\"https:\\\/\\\/www.vaar.law\\\/\"},{\"@type\":\"ListItem\",\"position\":2,\"name\":\"Fra frykt til fremgang: Hvordan AI endrer m\u00e5ten vi jobber p\u00e5\"}]},{\"@type\":\"WebSite\",\"@id\":\"https:\\\/\\\/www.vaar.law\\\/#website\",\"url\":\"https:\\\/\\\/www.vaar.law\\\/\",\"name\":\"Vaar Advokat\",\"description\":\"Ledende advokater innenfor b\u00e6rekraft, anskaffelser, teknologi, personvern, arbeidsliv og regulatoriske sp\u00f8rsm\u00e5l\",\"publisher\":{\"@id\":\"https:\\\/\\\/www.vaar.law\\\/#organization\"},\"potentialAction\":[{\"@type\":\"SearchAction\",\"target\":{\"@type\":\"EntryPoint\",\"urlTemplate\":\"https:\\\/\\\/www.vaar.law\\\/?s={search_term_string}\"},\"query-input\":{\"@type\":\"PropertyValueSpecification\",\"valueRequired\":true,\"valueName\":\"search_term_string\"}}],\"inLanguage\":\"en-GB\"},{\"@type\":\"Organization\",\"@id\":\"https:\\\/\\\/www.vaar.law\\\/#organization\",\"name\":\"Vaar Advokat\",\"url\":\"https:\\\/\\\/www.vaar.law\\\/\",\"logo\":{\"@type\":\"ImageObject\",\"inLanguage\":\"en-GB\",\"@id\":\"https:\\\/\\\/www.vaar.law\\\/#\\\/schema\\\/logo\\\/image\\\/\",\"url\":\"https:\\\/\\\/www.vaar.law\\\/wp-content\\\/uploads\\\/2023\\\/09\\\/vaar-footer-logo.webp\",\"contentUrl\":\"https:\\\/\\\/www.vaar.law\\\/wp-content\\\/uploads\\\/2023\\\/09\\\/vaar-footer-logo.webp\",\"width\":155,\"height\":35,\"caption\":\"Vaar Advokat\"},\"image\":{\"@id\":\"https:\\\/\\\/www.vaar.law\\\/#\\\/schema\\\/logo\\\/image\\\/\"},\"sameAs\":[\"https:\\\/\\\/www.linkedin.com\\\/company\\\/vaaradvokat\\\/\",\"https:\\\/\\\/www.instagram.com\\\/vaar_advokat\\\/\"]},{\"@type\":\"Person\",\"@id\":\"https:\\\/\\\/www.vaar.law\\\/#\\\/schema\\\/person\\\/41a84e9e3b356b1ed6e5f54380f986b8\",\"name\":\"Niklas\",\"image\":{\"@type\":\"ImageObject\",\"inLanguage\":\"en-GB\",\"@id\":\"https:\\\/\\\/secure.gravatar.com\\\/avatar\\\/104990e61690d39e8a09a1f44c9f0574f8887fe9dca9034bae562d3975950495?s=96&d=mm&r=g\",\"url\":\"https:\\\/\\\/secure.gravatar.com\\\/avatar\\\/104990e61690d39e8a09a1f44c9f0574f8887fe9dca9034bae562d3975950495?s=96&d=mm&r=g\",\"contentUrl\":\"https:\\\/\\\/secure.gravatar.com\\\/avatar\\\/104990e61690d39e8a09a1f44c9f0574f8887fe9dca9034bae562d3975950495?s=96&d=mm&r=g\",\"caption\":\"Niklas\"},\"url\":\"https:\\\/\\\/www.vaar.law\\\/en\\\/author\\\/niklas\\\/\"}]}<\/script>\n<!-- \/ Yoast SEO plugin. -->","yoast_head_json":{"title":"Fra frykt til fremgang: Hvordan AI endrer m\u00e5ten vi jobber p\u00e5 - Vaar advokat","description":"Hvordan p\u00e5virker AI arbeidsplassen?","robots":{"index":"index","follow":"follow","max-snippet":"max-snippet:-1","max-image-preview":"max-image-preview:large","max-video-preview":"max-video-preview:-1"},"canonical":"https:\/\/www.vaar.law\/en\/fra-frykt-til-fremgang-hvordan-ai-endrer-maten-vi-jobber-pa\/","og_locale":"en_GB","og_type":"article","og_title":"Fra frykt til fremgang: Hvordan AI endrer m\u00e5ten vi jobber p\u00e5 - Vaar advokat","og_description":"Hvordan p\u00e5virker AI arbeidsplassen?","og_url":"https:\/\/www.vaar.law\/en\/fra-frykt-til-fremgang-hvordan-ai-endrer-maten-vi-jobber-pa\/","og_site_name":"Vaar advokat","article_published_time":"2025-02-07T07:25:13+00:00","article_modified_time":"2025-02-07T08:43:10+00:00","og_image":[{"width":1200,"height":627,"url":"https:\/\/www.vaar.law\/wp-content\/uploads\/2025\/02\/AI-pa-arbeidsplassen-1.webp","type":"image\/webp"}],"author":"Niklas","twitter_card":"summary_large_image","twitter_misc":{"Written by":"Niklas","Estimated reading time":"6 minutes"},"schema":{"@context":"https:\/\/schema.org","@graph":[{"@type":"Article","@id":"https:\/\/www.vaar.law\/fra-frykt-til-fremgang-hvordan-ai-endrer-maten-vi-jobber-pa\/#article","isPartOf":{"@id":"https:\/\/www.vaar.law\/fra-frykt-til-fremgang-hvordan-ai-endrer-maten-vi-jobber-pa\/"},"author":{"name":"Niklas","@id":"https:\/\/www.vaar.law\/#\/schema\/person\/41a84e9e3b356b1ed6e5f54380f986b8"},"headline":"Fra frykt til fremgang: Hvordan AI endrer m\u00e5ten vi jobber p\u00e5","datePublished":"2025-02-07T07:25:13+00:00","dateModified":"2025-02-07T08:43:10+00:00","mainEntityOfPage":{"@id":"https:\/\/www.vaar.law\/fra-frykt-til-fremgang-hvordan-ai-endrer-maten-vi-jobber-pa\/"},"wordCount":43,"publisher":{"@id":"https:\/\/www.vaar.law\/#organization"},"image":{"@id":"https:\/\/www.vaar.law\/fra-frykt-til-fremgang-hvordan-ai-endrer-maten-vi-jobber-pa\/#primaryimage"},"thumbnailUrl":"https:\/\/www.vaar.law\/wp-content\/uploads\/2025\/02\/AI-pa-arbeidsplassen-1.webp","articleSection":["Anskaffelser","Innsikt"],"inLanguage":"en-GB"},{"@type":"WebPage","@id":"https:\/\/www.vaar.law\/fra-frykt-til-fremgang-hvordan-ai-endrer-maten-vi-jobber-pa\/","url":"https:\/\/www.vaar.law\/fra-frykt-til-fremgang-hvordan-ai-endrer-maten-vi-jobber-pa\/","name":"Fra frykt til fremgang: Hvordan AI endrer m\u00e5ten vi jobber p\u00e5 - Vaar advokat","isPartOf":{"@id":"https:\/\/www.vaar.law\/#website"},"primaryImageOfPage":{"@id":"https:\/\/www.vaar.law\/fra-frykt-til-fremgang-hvordan-ai-endrer-maten-vi-jobber-pa\/#primaryimage"},"image":{"@id":"https:\/\/www.vaar.law\/fra-frykt-til-fremgang-hvordan-ai-endrer-maten-vi-jobber-pa\/#primaryimage"},"thumbnailUrl":"https:\/\/www.vaar.law\/wp-content\/uploads\/2025\/02\/AI-pa-arbeidsplassen-1.webp","datePublished":"2025-02-07T07:25:13+00:00","dateModified":"2025-02-07T08:43:10+00:00","description":"Hvordan p\u00e5virker AI arbeidsplassen?","breadcrumb":{"@id":"https:\/\/www.vaar.law\/fra-frykt-til-fremgang-hvordan-ai-endrer-maten-vi-jobber-pa\/#breadcrumb"},"inLanguage":"en-GB","potentialAction":[{"@type":"ReadAction","target":["https:\/\/www.vaar.law\/fra-frykt-til-fremgang-hvordan-ai-endrer-maten-vi-jobber-pa\/"]}]},{"@type":"ImageObject","inLanguage":"en-GB","@id":"https:\/\/www.vaar.law\/fra-frykt-til-fremgang-hvordan-ai-endrer-maten-vi-jobber-pa\/#primaryimage","url":"https:\/\/www.vaar.law\/wp-content\/uploads\/2025\/02\/AI-pa-arbeidsplassen-1.webp","contentUrl":"https:\/\/www.vaar.law\/wp-content\/uploads\/2025\/02\/AI-pa-arbeidsplassen-1.webp","width":1200,"height":627},{"@type":"BreadcrumbList","@id":"https:\/\/www.vaar.law\/fra-frykt-til-fremgang-hvordan-ai-endrer-maten-vi-jobber-pa\/#breadcrumb","itemListElement":[{"@type":"ListItem","position":1,"name":"Home","item":"https:\/\/www.vaar.law\/"},{"@type":"ListItem","position":2,"name":"Fra frykt til fremgang: Hvordan AI endrer m\u00e5ten vi jobber p\u00e5"}]},{"@type":"WebSite","@id":"https:\/\/www.vaar.law\/#website","url":"https:\/\/www.vaar.law\/","name":"Vaar Advokat","description":"Ledende advokater innenfor b\u00e6rekraft, anskaffelser, teknologi, personvern, arbeidsliv og regulatoriske sp\u00f8rsm\u00e5l","publisher":{"@id":"https:\/\/www.vaar.law\/#organization"},"potentialAction":[{"@type":"SearchAction","target":{"@type":"EntryPoint","urlTemplate":"https:\/\/www.vaar.law\/?s={search_term_string}"},"query-input":{"@type":"PropertyValueSpecification","valueRequired":true,"valueName":"search_term_string"}}],"inLanguage":"en-GB"},{"@type":"Organization","@id":"https:\/\/www.vaar.law\/#organization","name":"Vaar Advokat","url":"https:\/\/www.vaar.law\/","logo":{"@type":"ImageObject","inLanguage":"en-GB","@id":"https:\/\/www.vaar.law\/#\/schema\/logo\/image\/","url":"https:\/\/www.vaar.law\/wp-content\/uploads\/2023\/09\/vaar-footer-logo.webp","contentUrl":"https:\/\/www.vaar.law\/wp-content\/uploads\/2023\/09\/vaar-footer-logo.webp","width":155,"height":35,"caption":"Vaar Advokat"},"image":{"@id":"https:\/\/www.vaar.law\/#\/schema\/logo\/image\/"},"sameAs":["https:\/\/www.linkedin.com\/company\/vaaradvokat\/","https:\/\/www.instagram.com\/vaar_advokat\/"]},{"@type":"Person","@id":"https:\/\/www.vaar.law\/#\/schema\/person\/41a84e9e3b356b1ed6e5f54380f986b8","name":"Niklas","image":{"@type":"ImageObject","inLanguage":"en-GB","@id":"https:\/\/secure.gravatar.com\/avatar\/104990e61690d39e8a09a1f44c9f0574f8887fe9dca9034bae562d3975950495?s=96&d=mm&r=g","url":"https:\/\/secure.gravatar.com\/avatar\/104990e61690d39e8a09a1f44c9f0574f8887fe9dca9034bae562d3975950495?s=96&d=mm&r=g","contentUrl":"https:\/\/secure.gravatar.com\/avatar\/104990e61690d39e8a09a1f44c9f0574f8887fe9dca9034bae562d3975950495?s=96&d=mm&r=g","caption":"Niklas"},"url":"https:\/\/www.vaar.law\/en\/author\/niklas\/"}]}},"jetpack_publicize_connections":[],"jetpack_featured_media_url":"https:\/\/www.vaar.law\/wp-content\/uploads\/2025\/02\/AI-pa-arbeidsplassen-1.webp","jetpack_sharing_enabled":true,"_links":{"self":[{"href":"https:\/\/www.vaar.law\/en\/wp-json\/wp\/v2\/posts\/11652","targetHints":{"allow":["GET"]}}],"collection":[{"href":"https:\/\/www.vaar.law\/en\/wp-json\/wp\/v2\/posts"}],"about":[{"href":"https:\/\/www.vaar.law\/en\/wp-json\/wp\/v2\/types\/post"}],"author":[{"embeddable":true,"href":"https:\/\/www.vaar.law\/en\/wp-json\/wp\/v2\/users\/3"}],"replies":[{"embeddable":true,"href":"https:\/\/www.vaar.law\/en\/wp-json\/wp\/v2\/comments?post=11652"}],"version-history":[{"count":5,"href":"https:\/\/www.vaar.law\/en\/wp-json\/wp\/v2\/posts\/11652\/revisions"}],"predecessor-version":[{"id":11690,"href":"https:\/\/www.vaar.law\/en\/wp-json\/wp\/v2\/posts\/11652\/revisions\/11690"}],"wp:featuredmedia":[{"embeddable":true,"href":"https:\/\/www.vaar.law\/en\/wp-json\/wp\/v2\/media\/11686"}],"wp:attachment":[{"href":"https:\/\/www.vaar.law\/en\/wp-json\/wp\/v2\/media?parent=11652"}],"wp:term":[{"taxonomy":"category","embeddable":true,"href":"https:\/\/www.vaar.law\/en\/wp-json\/wp\/v2\/categories?post=11652"},{"taxonomy":"post_tag","embeddable":true,"href":"https:\/\/www.vaar.law\/en\/wp-json\/wp\/v2\/tags?post=11652"}],"curies":[{"name":"wp","href":"https:\/\/api.w.org\/{rel}","templated":true}]}}