{"id":6084,"date":"2023-08-09T10:11:22","date_gmt":"2023-08-09T10:11:22","guid":{"rendered":"https:\/\/www.vaar.law\/?p=6084"},"modified":"2024-03-14T13:46:09","modified_gmt":"2024-03-14T13:46:09","slug":"a-tvinge-oppdragsgivere-til-a-stille-klima-og-miljokrav-i-anskaffelsene-vil-ikke-alene-gi-positive-miljoeffekter","status":"publish","type":"post","link":"https:\/\/www.vaar.law\/en\/a-tvinge-oppdragsgivere-til-a-stille-klima-og-miljokrav-i-anskaffelsene-vil-ikke-alene-gi-positive-miljoeffekter\/","title":{"rendered":"\u00c5 \u00abtvinge\u00bb oppdragsgivere til \u00e5 stille klima- og milj\u00f8krav i anskaffelsene vil ikke alene gi positive milj\u00f8effekter"},"content":{"rendered":"<p>N\u00e6rings- og fiskeridepartementet kom nylig med en pressemelding<sup data-fn=\"87146dbf-d308-4174-8b4f-38ce96a1a77a\" class=\"fn\"><a href=\"#87146dbf-d308-4174-8b4f-38ce96a1a77a\" id=\"87146dbf-d308-4174-8b4f-38ce96a1a77a-link\">1<\/a><\/sup> om at&nbsp;<a href=\"https:\/\/lovdata.no\/dokument\/LTI\/forskrift\/2023-08-01-1305\" target=\"_blank\" rel=\"noreferrer noopener\">anskaffelsesforskriften \u00a7 7-9 om klima- og milj\u00f8hensyn i offentlige anskaffelser skjerpes fra 1. januar 2024<\/a>.<\/p>","protected":false},"excerpt":{"rendered":"<p>N\u00e6rings- og fiskeridepartementet kom nylig med en pressemelding om at anskaffelsesforskriften \u00a7 7-9 om klima- og milj\u00f8hensyn i offentlige anskaffelser skjerpes fra 1. januar 2024.<\/p>","protected":false},"author":2,"featured_media":7419,"comment_status":"closed","ping_status":"closed","sticky":false,"template":"","format":"standard","meta":{"_jetpack_memberships_contains_paid_content":false,"footnotes":"[{\"id\":\"87146dbf-d308-4174-8b4f-38ce96a1a77a\",\"content\":\"\"}]","jetpack_publicize_message":"","jetpack_publicize_feature_enabled":true,"jetpack_social_post_already_shared":false,"jetpack_social_options":{"image_generator_settings":{"template":"highway","default_image_id":0,"font":"","enabled":false},"version":2},"_wpas_customize_per_network":false},"categories":[93,91],"tags":[],"class_list":["post-6084","post","type-post","status-publish","format-standard","has-post-thumbnail","hentry","category-anskaffelser","category-innsikt"],"yoast_head":"<!-- This site is optimized with the Yoast SEO plugin v27.5 - https:\/\/yoast.com\/product\/yoast-seo-wordpress\/ -->\n<title>\u00c5 \u00abtvinge\u00bb oppdragsgivere til \u00e5 stille klima- og milj\u00f8krav i anskaffelsene vil ikke alene gi positive milj\u00f8effekter - Vaar advokat<\/title>\n<meta name=\"robots\" content=\"index, follow, max-snippet:-1, max-image-preview:large, max-video-preview:-1\" \/>\n<link rel=\"canonical\" href=\"https:\/\/www.vaar.law\/en\/a-tvinge-oppdragsgivere-til-a-stille-klima-og-miljokrav-i-anskaffelsene-vil-ikke-alene-gi-positive-miljoeffekter\/\" \/>\n<meta property=\"og:locale\" content=\"en_GB\" \/>\n<meta property=\"og:type\" content=\"article\" \/>\n<meta property=\"og:title\" content=\"\u00c5 \u00abtvinge\u00bb oppdragsgivere til \u00e5 stille klima- og milj\u00f8krav i anskaffelsene vil ikke alene gi positive milj\u00f8effekter - Vaar advokat\" \/>\n<meta property=\"og:description\" content=\"N\u00e6rings- og fiskeridepartementet kom nylig med en pressemelding om at anskaffelsesforskriften \u00a7 7-9 om klima- og milj\u00f8hensyn i offentlige anskaffelser skjerpes fra 1. januar 2024.\" \/>\n<meta property=\"og:url\" content=\"https:\/\/www.vaar.law\/en\/a-tvinge-oppdragsgivere-til-a-stille-klima-og-miljokrav-i-anskaffelsene-vil-ikke-alene-gi-positive-miljoeffekter\/\" \/>\n<meta property=\"og:site_name\" content=\"Vaar advokat\" \/>\n<meta property=\"article:published_time\" content=\"2023-08-09T10:11:22+00:00\" \/>\n<meta property=\"article:modified_time\" content=\"2024-03-14T13:46:09+00:00\" \/>\n<meta property=\"og:image\" content=\"https:\/\/www.vaar.law\/wp-content\/uploads\/2023\/08\/tvinge-oppdraggivere-til-a-stille-klima-og-miljokrav.webp\" \/>\n\t<meta property=\"og:image:width\" content=\"1600\" \/>\n\t<meta property=\"og:image:height\" content=\"900\" \/>\n\t<meta property=\"og:image:type\" content=\"image\/webp\" \/>\n<meta name=\"author\" content=\"Brikt\" \/>\n<meta name=\"twitter:card\" content=\"summary_large_image\" \/>\n<meta name=\"twitter:label1\" content=\"Written by\" \/>\n\t<meta name=\"twitter:data1\" content=\"Brikt\" \/>\n\t<meta name=\"twitter:label2\" content=\"Estimated reading time\" \/>\n\t<meta name=\"twitter:data2\" content=\"5 minutes\" \/>\n<script type=\"application\/ld+json\" class=\"yoast-schema-graph\">{\"@context\":\"https:\\\/\\\/schema.org\",\"@graph\":[{\"@type\":\"Article\",\"@id\":\"https:\\\/\\\/www.vaar.law\\\/a-tvinge-oppdragsgivere-til-a-stille-klima-og-miljokrav-i-anskaffelsene-vil-ikke-alene-gi-positive-miljoeffekter\\\/#article\",\"isPartOf\":{\"@id\":\"https:\\\/\\\/www.vaar.law\\\/a-tvinge-oppdragsgivere-til-a-stille-klima-og-miljokrav-i-anskaffelsene-vil-ikke-alene-gi-positive-miljoeffekter\\\/\"},\"author\":{\"name\":\"Brikt\",\"@id\":\"https:\\\/\\\/www.vaar.law\\\/#\\\/schema\\\/person\\\/88dc1810efae8c515fa921844f90fa02\"},\"headline\":\"\u00c5 \u00abtvinge\u00bb oppdragsgivere til \u00e5 stille klima- og milj\u00f8krav i anskaffelsene vil ikke alene gi positive milj\u00f8effekter\",\"datePublished\":\"2023-08-09T10:11:22+00:00\",\"dateModified\":\"2024-03-14T13:46:09+00:00\",\"mainEntityOfPage\":{\"@id\":\"https:\\\/\\\/www.vaar.law\\\/a-tvinge-oppdragsgivere-til-a-stille-klima-og-miljokrav-i-anskaffelsene-vil-ikke-alene-gi-positive-miljoeffekter\\\/\"},\"wordCount\":42,\"publisher\":{\"@id\":\"https:\\\/\\\/www.vaar.law\\\/#organization\"},\"image\":{\"@id\":\"https:\\\/\\\/www.vaar.law\\\/a-tvinge-oppdragsgivere-til-a-stille-klima-og-miljokrav-i-anskaffelsene-vil-ikke-alene-gi-positive-miljoeffekter\\\/#primaryimage\"},\"thumbnailUrl\":\"https:\\\/\\\/www.vaar.law\\\/wp-content\\\/uploads\\\/2023\\\/08\\\/tvinge-oppdraggivere-til-a-stille-klima-og-miljokrav.webp\",\"articleSection\":[\"Anskaffelser\",\"Innsikt\"],\"inLanguage\":\"en-GB\"},{\"@type\":\"WebPage\",\"@id\":\"https:\\\/\\\/www.vaar.law\\\/a-tvinge-oppdragsgivere-til-a-stille-klima-og-miljokrav-i-anskaffelsene-vil-ikke-alene-gi-positive-miljoeffekter\\\/\",\"url\":\"https:\\\/\\\/www.vaar.law\\\/a-tvinge-oppdragsgivere-til-a-stille-klima-og-miljokrav-i-anskaffelsene-vil-ikke-alene-gi-positive-miljoeffekter\\\/\",\"name\":\"\u00c5 \u00abtvinge\u00bb oppdragsgivere til \u00e5 stille klima- og milj\u00f8krav i anskaffelsene vil ikke alene gi positive milj\u00f8effekter - Vaar advokat\",\"isPartOf\":{\"@id\":\"https:\\\/\\\/www.vaar.law\\\/#website\"},\"primaryImageOfPage\":{\"@id\":\"https:\\\/\\\/www.vaar.law\\\/a-tvinge-oppdragsgivere-til-a-stille-klima-og-miljokrav-i-anskaffelsene-vil-ikke-alene-gi-positive-miljoeffekter\\\/#primaryimage\"},\"image\":{\"@id\":\"https:\\\/\\\/www.vaar.law\\\/a-tvinge-oppdragsgivere-til-a-stille-klima-og-miljokrav-i-anskaffelsene-vil-ikke-alene-gi-positive-miljoeffekter\\\/#primaryimage\"},\"thumbnailUrl\":\"https:\\\/\\\/www.vaar.law\\\/wp-content\\\/uploads\\\/2023\\\/08\\\/tvinge-oppdraggivere-til-a-stille-klima-og-miljokrav.webp\",\"datePublished\":\"2023-08-09T10:11:22+00:00\",\"dateModified\":\"2024-03-14T13:46:09+00:00\",\"breadcrumb\":{\"@id\":\"https:\\\/\\\/www.vaar.law\\\/a-tvinge-oppdragsgivere-til-a-stille-klima-og-miljokrav-i-anskaffelsene-vil-ikke-alene-gi-positive-miljoeffekter\\\/#breadcrumb\"},\"inLanguage\":\"en-GB\",\"potentialAction\":[{\"@type\":\"ReadAction\",\"target\":[\"https:\\\/\\\/www.vaar.law\\\/a-tvinge-oppdragsgivere-til-a-stille-klima-og-miljokrav-i-anskaffelsene-vil-ikke-alene-gi-positive-miljoeffekter\\\/\"]}]},{\"@type\":\"ImageObject\",\"inLanguage\":\"en-GB\",\"@id\":\"https:\\\/\\\/www.vaar.law\\\/a-tvinge-oppdragsgivere-til-a-stille-klima-og-miljokrav-i-anskaffelsene-vil-ikke-alene-gi-positive-miljoeffekter\\\/#primaryimage\",\"url\":\"https:\\\/\\\/www.vaar.law\\\/wp-content\\\/uploads\\\/2023\\\/08\\\/tvinge-oppdraggivere-til-a-stille-klima-og-miljokrav.webp\",\"contentUrl\":\"https:\\\/\\\/www.vaar.law\\\/wp-content\\\/uploads\\\/2023\\\/08\\\/tvinge-oppdraggivere-til-a-stille-klima-og-miljokrav.webp\",\"width\":1600,\"height\":900},{\"@type\":\"BreadcrumbList\",\"@id\":\"https:\\\/\\\/www.vaar.law\\\/a-tvinge-oppdragsgivere-til-a-stille-klima-og-miljokrav-i-anskaffelsene-vil-ikke-alene-gi-positive-miljoeffekter\\\/#breadcrumb\",\"itemListElement\":[{\"@type\":\"ListItem\",\"position\":1,\"name\":\"Home\",\"item\":\"https:\\\/\\\/www.vaar.law\\\/\"},{\"@type\":\"ListItem\",\"position\":2,\"name\":\"\u00c5 \u00abtvinge\u00bb oppdragsgivere til \u00e5 stille klima- og milj\u00f8krav i anskaffelsene vil ikke alene gi positive milj\u00f8effekter\"}]},{\"@type\":\"WebSite\",\"@id\":\"https:\\\/\\\/www.vaar.law\\\/#website\",\"url\":\"https:\\\/\\\/www.vaar.law\\\/\",\"name\":\"Vaar Advokat\",\"description\":\"Ledende advokater innenfor b\u00e6rekraft, anskaffelser, teknologi, personvern, arbeidsliv og regulatoriske sp\u00f8rsm\u00e5l\",\"publisher\":{\"@id\":\"https:\\\/\\\/www.vaar.law\\\/#organization\"},\"potentialAction\":[{\"@type\":\"SearchAction\",\"target\":{\"@type\":\"EntryPoint\",\"urlTemplate\":\"https:\\\/\\\/www.vaar.law\\\/?s={search_term_string}\"},\"query-input\":{\"@type\":\"PropertyValueSpecification\",\"valueRequired\":true,\"valueName\":\"search_term_string\"}}],\"inLanguage\":\"en-GB\"},{\"@type\":\"Organization\",\"@id\":\"https:\\\/\\\/www.vaar.law\\\/#organization\",\"name\":\"Vaar Advokat\",\"url\":\"https:\\\/\\\/www.vaar.law\\\/\",\"logo\":{\"@type\":\"ImageObject\",\"inLanguage\":\"en-GB\",\"@id\":\"https:\\\/\\\/www.vaar.law\\\/#\\\/schema\\\/logo\\\/image\\\/\",\"url\":\"https:\\\/\\\/www.vaar.law\\\/wp-content\\\/uploads\\\/2023\\\/09\\\/vaar-footer-logo.webp\",\"contentUrl\":\"https:\\\/\\\/www.vaar.law\\\/wp-content\\\/uploads\\\/2023\\\/09\\\/vaar-footer-logo.webp\",\"width\":155,\"height\":35,\"caption\":\"Vaar Advokat\"},\"image\":{\"@id\":\"https:\\\/\\\/www.vaar.law\\\/#\\\/schema\\\/logo\\\/image\\\/\"},\"sameAs\":[\"https:\\\/\\\/www.linkedin.com\\\/company\\\/vaaradvokat\\\/\",\"https:\\\/\\\/www.instagram.com\\\/vaar_advokat\\\/\"]},{\"@type\":\"Person\",\"@id\":\"https:\\\/\\\/www.vaar.law\\\/#\\\/schema\\\/person\\\/88dc1810efae8c515fa921844f90fa02\",\"name\":\"Brikt\",\"image\":{\"@type\":\"ImageObject\",\"inLanguage\":\"en-GB\",\"@id\":\"https:\\\/\\\/secure.gravatar.com\\\/avatar\\\/49ed2425fd0d8301ccf9d246dfbe1dfbac962ebd4eb58458fc43b6b15f5ec1e4?s=96&d=mm&r=g\",\"url\":\"https:\\\/\\\/secure.gravatar.com\\\/avatar\\\/49ed2425fd0d8301ccf9d246dfbe1dfbac962ebd4eb58458fc43b6b15f5ec1e4?s=96&d=mm&r=g\",\"contentUrl\":\"https:\\\/\\\/secure.gravatar.com\\\/avatar\\\/49ed2425fd0d8301ccf9d246dfbe1dfbac962ebd4eb58458fc43b6b15f5ec1e4?s=96&d=mm&r=g\",\"caption\":\"Brikt\"},\"url\":\"https:\\\/\\\/www.vaar.law\\\/en\\\/author\\\/brikt\\\/\"}]}<\/script>\n<!-- \/ Yoast SEO plugin. -->","yoast_head_json":{"title":"\u00c5 \u00abtvinge\u00bb oppdragsgivere til \u00e5 stille klima- og milj\u00f8krav i anskaffelsene vil ikke alene gi positive milj\u00f8effekter - Vaar advokat","robots":{"index":"index","follow":"follow","max-snippet":"max-snippet:-1","max-image-preview":"max-image-preview:large","max-video-preview":"max-video-preview:-1"},"canonical":"https:\/\/www.vaar.law\/en\/a-tvinge-oppdragsgivere-til-a-stille-klima-og-miljokrav-i-anskaffelsene-vil-ikke-alene-gi-positive-miljoeffekter\/","og_locale":"en_GB","og_type":"article","og_title":"\u00c5 \u00abtvinge\u00bb oppdragsgivere til \u00e5 stille klima- og milj\u00f8krav i anskaffelsene vil ikke alene gi positive milj\u00f8effekter - Vaar advokat","og_description":"N\u00e6rings- og fiskeridepartementet kom nylig med en pressemelding om at anskaffelsesforskriften \u00a7 7-9 om klima- og milj\u00f8hensyn i offentlige anskaffelser skjerpes fra 1. januar 2024.","og_url":"https:\/\/www.vaar.law\/en\/a-tvinge-oppdragsgivere-til-a-stille-klima-og-miljokrav-i-anskaffelsene-vil-ikke-alene-gi-positive-miljoeffekter\/","og_site_name":"Vaar advokat","article_published_time":"2023-08-09T10:11:22+00:00","article_modified_time":"2024-03-14T13:46:09+00:00","og_image":[{"width":1600,"height":900,"url":"https:\/\/www.vaar.law\/wp-content\/uploads\/2023\/08\/tvinge-oppdraggivere-til-a-stille-klima-og-miljokrav.webp","type":"image\/webp"}],"author":"Brikt","twitter_card":"summary_large_image","twitter_misc":{"Written by":"Brikt","Estimated reading time":"5 minutes"},"schema":{"@context":"https:\/\/schema.org","@graph":[{"@type":"Article","@id":"https:\/\/www.vaar.law\/a-tvinge-oppdragsgivere-til-a-stille-klima-og-miljokrav-i-anskaffelsene-vil-ikke-alene-gi-positive-miljoeffekter\/#article","isPartOf":{"@id":"https:\/\/www.vaar.law\/a-tvinge-oppdragsgivere-til-a-stille-klima-og-miljokrav-i-anskaffelsene-vil-ikke-alene-gi-positive-miljoeffekter\/"},"author":{"name":"Brikt","@id":"https:\/\/www.vaar.law\/#\/schema\/person\/88dc1810efae8c515fa921844f90fa02"},"headline":"\u00c5 \u00abtvinge\u00bb oppdragsgivere til \u00e5 stille klima- og milj\u00f8krav i anskaffelsene vil ikke alene gi positive milj\u00f8effekter","datePublished":"2023-08-09T10:11:22+00:00","dateModified":"2024-03-14T13:46:09+00:00","mainEntityOfPage":{"@id":"https:\/\/www.vaar.law\/a-tvinge-oppdragsgivere-til-a-stille-klima-og-miljokrav-i-anskaffelsene-vil-ikke-alene-gi-positive-miljoeffekter\/"},"wordCount":42,"publisher":{"@id":"https:\/\/www.vaar.law\/#organization"},"image":{"@id":"https:\/\/www.vaar.law\/a-tvinge-oppdragsgivere-til-a-stille-klima-og-miljokrav-i-anskaffelsene-vil-ikke-alene-gi-positive-miljoeffekter\/#primaryimage"},"thumbnailUrl":"https:\/\/www.vaar.law\/wp-content\/uploads\/2023\/08\/tvinge-oppdraggivere-til-a-stille-klima-og-miljokrav.webp","articleSection":["Anskaffelser","Innsikt"],"inLanguage":"en-GB"},{"@type":"WebPage","@id":"https:\/\/www.vaar.law\/a-tvinge-oppdragsgivere-til-a-stille-klima-og-miljokrav-i-anskaffelsene-vil-ikke-alene-gi-positive-miljoeffekter\/","url":"https:\/\/www.vaar.law\/a-tvinge-oppdragsgivere-til-a-stille-klima-og-miljokrav-i-anskaffelsene-vil-ikke-alene-gi-positive-miljoeffekter\/","name":"\u00c5 \u00abtvinge\u00bb oppdragsgivere til \u00e5 stille klima- og milj\u00f8krav i anskaffelsene vil ikke alene gi positive milj\u00f8effekter - Vaar advokat","isPartOf":{"@id":"https:\/\/www.vaar.law\/#website"},"primaryImageOfPage":{"@id":"https:\/\/www.vaar.law\/a-tvinge-oppdragsgivere-til-a-stille-klima-og-miljokrav-i-anskaffelsene-vil-ikke-alene-gi-positive-miljoeffekter\/#primaryimage"},"image":{"@id":"https:\/\/www.vaar.law\/a-tvinge-oppdragsgivere-til-a-stille-klima-og-miljokrav-i-anskaffelsene-vil-ikke-alene-gi-positive-miljoeffekter\/#primaryimage"},"thumbnailUrl":"https:\/\/www.vaar.law\/wp-content\/uploads\/2023\/08\/tvinge-oppdraggivere-til-a-stille-klima-og-miljokrav.webp","datePublished":"2023-08-09T10:11:22+00:00","dateModified":"2024-03-14T13:46:09+00:00","breadcrumb":{"@id":"https:\/\/www.vaar.law\/a-tvinge-oppdragsgivere-til-a-stille-klima-og-miljokrav-i-anskaffelsene-vil-ikke-alene-gi-positive-miljoeffekter\/#breadcrumb"},"inLanguage":"en-GB","potentialAction":[{"@type":"ReadAction","target":["https:\/\/www.vaar.law\/a-tvinge-oppdragsgivere-til-a-stille-klima-og-miljokrav-i-anskaffelsene-vil-ikke-alene-gi-positive-miljoeffekter\/"]}]},{"@type":"ImageObject","inLanguage":"en-GB","@id":"https:\/\/www.vaar.law\/a-tvinge-oppdragsgivere-til-a-stille-klima-og-miljokrav-i-anskaffelsene-vil-ikke-alene-gi-positive-miljoeffekter\/#primaryimage","url":"https:\/\/www.vaar.law\/wp-content\/uploads\/2023\/08\/tvinge-oppdraggivere-til-a-stille-klima-og-miljokrav.webp","contentUrl":"https:\/\/www.vaar.law\/wp-content\/uploads\/2023\/08\/tvinge-oppdraggivere-til-a-stille-klima-og-miljokrav.webp","width":1600,"height":900},{"@type":"BreadcrumbList","@id":"https:\/\/www.vaar.law\/a-tvinge-oppdragsgivere-til-a-stille-klima-og-miljokrav-i-anskaffelsene-vil-ikke-alene-gi-positive-miljoeffekter\/#breadcrumb","itemListElement":[{"@type":"ListItem","position":1,"name":"Home","item":"https:\/\/www.vaar.law\/"},{"@type":"ListItem","position":2,"name":"\u00c5 \u00abtvinge\u00bb oppdragsgivere til \u00e5 stille klima- og milj\u00f8krav i anskaffelsene vil ikke alene gi positive milj\u00f8effekter"}]},{"@type":"WebSite","@id":"https:\/\/www.vaar.law\/#website","url":"https:\/\/www.vaar.law\/","name":"Vaar Advokat","description":"Ledende advokater innenfor b\u00e6rekraft, anskaffelser, teknologi, personvern, arbeidsliv og regulatoriske sp\u00f8rsm\u00e5l","publisher":{"@id":"https:\/\/www.vaar.law\/#organization"},"potentialAction":[{"@type":"SearchAction","target":{"@type":"EntryPoint","urlTemplate":"https:\/\/www.vaar.law\/?s={search_term_string}"},"query-input":{"@type":"PropertyValueSpecification","valueRequired":true,"valueName":"search_term_string"}}],"inLanguage":"en-GB"},{"@type":"Organization","@id":"https:\/\/www.vaar.law\/#organization","name":"Vaar Advokat","url":"https:\/\/www.vaar.law\/","logo":{"@type":"ImageObject","inLanguage":"en-GB","@id":"https:\/\/www.vaar.law\/#\/schema\/logo\/image\/","url":"https:\/\/www.vaar.law\/wp-content\/uploads\/2023\/09\/vaar-footer-logo.webp","contentUrl":"https:\/\/www.vaar.law\/wp-content\/uploads\/2023\/09\/vaar-footer-logo.webp","width":155,"height":35,"caption":"Vaar Advokat"},"image":{"@id":"https:\/\/www.vaar.law\/#\/schema\/logo\/image\/"},"sameAs":["https:\/\/www.linkedin.com\/company\/vaaradvokat\/","https:\/\/www.instagram.com\/vaar_advokat\/"]},{"@type":"Person","@id":"https:\/\/www.vaar.law\/#\/schema\/person\/88dc1810efae8c515fa921844f90fa02","name":"Brikt","image":{"@type":"ImageObject","inLanguage":"en-GB","@id":"https:\/\/secure.gravatar.com\/avatar\/49ed2425fd0d8301ccf9d246dfbe1dfbac962ebd4eb58458fc43b6b15f5ec1e4?s=96&d=mm&r=g","url":"https:\/\/secure.gravatar.com\/avatar\/49ed2425fd0d8301ccf9d246dfbe1dfbac962ebd4eb58458fc43b6b15f5ec1e4?s=96&d=mm&r=g","contentUrl":"https:\/\/secure.gravatar.com\/avatar\/49ed2425fd0d8301ccf9d246dfbe1dfbac962ebd4eb58458fc43b6b15f5ec1e4?s=96&d=mm&r=g","caption":"Brikt"},"url":"https:\/\/www.vaar.law\/en\/author\/brikt\/"}]}},"jetpack_publicize_connections":[],"jetpack_featured_media_url":"https:\/\/www.vaar.law\/wp-content\/uploads\/2023\/08\/tvinge-oppdraggivere-til-a-stille-klima-og-miljokrav.webp","jetpack_sharing_enabled":true,"_links":{"self":[{"href":"https:\/\/www.vaar.law\/en\/wp-json\/wp\/v2\/posts\/6084","targetHints":{"allow":["GET"]}}],"collection":[{"href":"https:\/\/www.vaar.law\/en\/wp-json\/wp\/v2\/posts"}],"about":[{"href":"https:\/\/www.vaar.law\/en\/wp-json\/wp\/v2\/types\/post"}],"author":[{"embeddable":true,"href":"https:\/\/www.vaar.law\/en\/wp-json\/wp\/v2\/users\/2"}],"replies":[{"embeddable":true,"href":"https:\/\/www.vaar.law\/en\/wp-json\/wp\/v2\/comments?post=6084"}],"version-history":[{"count":5,"href":"https:\/\/www.vaar.law\/en\/wp-json\/wp\/v2\/posts\/6084\/revisions"}],"predecessor-version":[{"id":9448,"href":"https:\/\/www.vaar.law\/en\/wp-json\/wp\/v2\/posts\/6084\/revisions\/9448"}],"wp:featuredmedia":[{"embeddable":true,"href":"https:\/\/www.vaar.law\/en\/wp-json\/wp\/v2\/media\/7419"}],"wp:attachment":[{"href":"https:\/\/www.vaar.law\/en\/wp-json\/wp\/v2\/media?parent=6084"}],"wp:term":[{"taxonomy":"category","embeddable":true,"href":"https:\/\/www.vaar.law\/en\/wp-json\/wp\/v2\/categories?post=6084"},{"taxonomy":"post_tag","embeddable":true,"href":"https:\/\/www.vaar.law\/en\/wp-json\/wp\/v2\/tags?post=6084"}],"curies":[{"name":"wp","href":"https:\/\/api.w.org\/{rel}","templated":true}]}}