{"id":7621,"date":"2020-01-22T11:04:34","date_gmt":"2020-01-22T11:04:34","guid":{"rendered":"https:\/\/www.vaar.law\/?p=7621"},"modified":"2023-11-08T12:14:44","modified_gmt":"2023-11-08T12:14:44","slug":"marianne-h-dragsten-toppranket-i-chambers-2020","status":"publish","type":"post","link":"https:\/\/www.vaar.law\/en\/marianne-h-dragsten-toppranket-i-chambers-2020\/","title":{"rendered":"Marianne H. Dragsten toppranket i Chambers 2020"},"content":{"rendered":"<p>Chambers &amp; Partner har publisert sin \u00e5rlige ranking av Europas ledende advokatfirmaer. Marianne H. Dragsten, partner i Vaar Advokat og ansvarlig for avdelingen for offentlige anskaffelser, har i flere \u00e5r v\u00e6rt toppranket innenfor Competition\/Antitrust: Public Procurement og fikk fornyet tillit i \u00e5r ogs\u00e5.&nbsp;<\/p>","protected":false},"excerpt":{"rendered":"<p>Chambers &#038; Partner har publisert sin \u00e5rlige ranking av Europas ledende advokatfirmaer. Marianne H. Dragsten, partner i Vaar Advokat og ansvarlig for avdelingen for offentlige anskaffelser, har i flere \u00e5r v\u00e6rt toppranket innenfor Competition\/Antitrust: Public Procurement og fikk fornyet tillit i \u00e5r ogs\u00e5.\u00a0<\/p>","protected":false},"author":2,"featured_media":7622,"comment_status":"closed","ping_status":"closed","sticky":false,"template":"","format":"standard","meta":{"_jetpack_memberships_contains_paid_content":false,"footnotes":"","jetpack_publicize_message":"","jetpack_publicize_feature_enabled":true,"jetpack_social_post_already_shared":false,"jetpack_social_options":{"image_generator_settings":{"template":"highway","default_image_id":0,"font":"","enabled":false},"version":2},"_wpas_customize_per_network":false},"categories":[96],"tags":[],"class_list":["post-7621","post","type-post","status-publish","format-standard","has-post-thumbnail","hentry","category-kunngjoring"],"yoast_head":"<!-- This site is optimized with the Yoast SEO plugin v27.5 - https:\/\/yoast.com\/product\/yoast-seo-wordpress\/ -->\n<title>Marianne H. Dragsten toppranket i Chambers 2020 - Vaar advokat<\/title>\n<meta name=\"robots\" content=\"index, follow, max-snippet:-1, max-image-preview:large, max-video-preview:-1\" \/>\n<link rel=\"canonical\" href=\"https:\/\/www.vaar.law\/en\/marianne-h-dragsten-toppranket-i-chambers-2020\/\" \/>\n<meta property=\"og:locale\" content=\"en_GB\" \/>\n<meta property=\"og:type\" content=\"article\" \/>\n<meta property=\"og:title\" content=\"Marianne H. Dragsten toppranket i Chambers 2020 - Vaar advokat\" \/>\n<meta property=\"og:description\" content=\"Chambers &amp; Partner har publisert sin \u00e5rlige ranking av Europas ledende advokatfirmaer. Marianne H. Dragsten, partner i Vaar Advokat og ansvarlig for avdelingen for offentlige anskaffelser, har i flere \u00e5r v\u00e6rt toppranket innenfor Competition\/Antitrust: Public Procurement og fikk fornyet tillit i \u00e5r ogs\u00e5.\u00a0\" \/>\n<meta property=\"og:url\" content=\"https:\/\/www.vaar.law\/en\/marianne-h-dragsten-toppranket-i-chambers-2020\/\" \/>\n<meta property=\"og:site_name\" content=\"Vaar advokat\" \/>\n<meta property=\"article:published_time\" content=\"2020-01-22T11:04:34+00:00\" \/>\n<meta property=\"article:modified_time\" content=\"2023-11-08T12:14:44+00:00\" \/>\n<meta property=\"og:image\" content=\"https:\/\/www.vaar.law\/wp-content\/uploads\/2023\/09\/Vaar-marianne-webp-scaled.webp\" \/>\n\t<meta property=\"og:image:width\" content=\"2560\" \/>\n\t<meta property=\"og:image:height\" content=\"1422\" \/>\n\t<meta property=\"og:image:type\" content=\"image\/webp\" \/>\n<meta name=\"author\" content=\"Brikt\" \/>\n<meta name=\"twitter:card\" content=\"summary_large_image\" \/>\n<meta name=\"twitter:label1\" content=\"Written by\" \/>\n\t<meta name=\"twitter:data1\" content=\"Brikt\" \/>\n\t<meta name=\"twitter:label2\" content=\"Estimated reading time\" \/>\n\t<meta name=\"twitter:data2\" content=\"1 minute\" \/>\n<script type=\"application\/ld+json\" class=\"yoast-schema-graph\">{\"@context\":\"https:\\\/\\\/schema.org\",\"@graph\":[{\"@type\":\"Article\",\"@id\":\"https:\\\/\\\/www.vaar.law\\\/marianne-h-dragsten-toppranket-i-chambers-2020\\\/#article\",\"isPartOf\":{\"@id\":\"https:\\\/\\\/www.vaar.law\\\/marianne-h-dragsten-toppranket-i-chambers-2020\\\/\"},\"author\":{\"name\":\"Brikt\",\"@id\":\"https:\\\/\\\/www.vaar.law\\\/#\\\/schema\\\/person\\\/88dc1810efae8c515fa921844f90fa02\"},\"headline\":\"Marianne H. Dragsten toppranket i Chambers 2020\",\"datePublished\":\"2020-01-22T11:04:34+00:00\",\"dateModified\":\"2023-11-08T12:14:44+00:00\",\"mainEntityOfPage\":{\"@id\":\"https:\\\/\\\/www.vaar.law\\\/marianne-h-dragsten-toppranket-i-chambers-2020\\\/\"},\"wordCount\":52,\"publisher\":{\"@id\":\"https:\\\/\\\/www.vaar.law\\\/#organization\"},\"image\":{\"@id\":\"https:\\\/\\\/www.vaar.law\\\/marianne-h-dragsten-toppranket-i-chambers-2020\\\/#primaryimage\"},\"thumbnailUrl\":\"https:\\\/\\\/www.vaar.law\\\/wp-content\\\/uploads\\\/2023\\\/09\\\/Vaar-marianne-webp-scaled.webp\",\"articleSection\":[\"Kunngj\u00f8ringer\"],\"inLanguage\":\"en-GB\"},{\"@type\":\"WebPage\",\"@id\":\"https:\\\/\\\/www.vaar.law\\\/marianne-h-dragsten-toppranket-i-chambers-2020\\\/\",\"url\":\"https:\\\/\\\/www.vaar.law\\\/marianne-h-dragsten-toppranket-i-chambers-2020\\\/\",\"name\":\"Marianne H. Dragsten toppranket i Chambers 2020 - Vaar advokat\",\"isPartOf\":{\"@id\":\"https:\\\/\\\/www.vaar.law\\\/#website\"},\"primaryImageOfPage\":{\"@id\":\"https:\\\/\\\/www.vaar.law\\\/marianne-h-dragsten-toppranket-i-chambers-2020\\\/#primaryimage\"},\"image\":{\"@id\":\"https:\\\/\\\/www.vaar.law\\\/marianne-h-dragsten-toppranket-i-chambers-2020\\\/#primaryimage\"},\"thumbnailUrl\":\"https:\\\/\\\/www.vaar.law\\\/wp-content\\\/uploads\\\/2023\\\/09\\\/Vaar-marianne-webp-scaled.webp\",\"datePublished\":\"2020-01-22T11:04:34+00:00\",\"dateModified\":\"2023-11-08T12:14:44+00:00\",\"breadcrumb\":{\"@id\":\"https:\\\/\\\/www.vaar.law\\\/marianne-h-dragsten-toppranket-i-chambers-2020\\\/#breadcrumb\"},\"inLanguage\":\"en-GB\",\"potentialAction\":[{\"@type\":\"ReadAction\",\"target\":[\"https:\\\/\\\/www.vaar.law\\\/marianne-h-dragsten-toppranket-i-chambers-2020\\\/\"]}]},{\"@type\":\"ImageObject\",\"inLanguage\":\"en-GB\",\"@id\":\"https:\\\/\\\/www.vaar.law\\\/marianne-h-dragsten-toppranket-i-chambers-2020\\\/#primaryimage\",\"url\":\"https:\\\/\\\/www.vaar.law\\\/wp-content\\\/uploads\\\/2023\\\/09\\\/Vaar-marianne-webp-scaled.webp\",\"contentUrl\":\"https:\\\/\\\/www.vaar.law\\\/wp-content\\\/uploads\\\/2023\\\/09\\\/Vaar-marianne-webp-scaled.webp\",\"width\":2560,\"height\":1422},{\"@type\":\"BreadcrumbList\",\"@id\":\"https:\\\/\\\/www.vaar.law\\\/marianne-h-dragsten-toppranket-i-chambers-2020\\\/#breadcrumb\",\"itemListElement\":[{\"@type\":\"ListItem\",\"position\":1,\"name\":\"Home\",\"item\":\"https:\\\/\\\/www.vaar.law\\\/\"},{\"@type\":\"ListItem\",\"position\":2,\"name\":\"Marianne H. Dragsten toppranket i Chambers 2020\"}]},{\"@type\":\"WebSite\",\"@id\":\"https:\\\/\\\/www.vaar.law\\\/#website\",\"url\":\"https:\\\/\\\/www.vaar.law\\\/\",\"name\":\"Vaar Advokat\",\"description\":\"Ledende advokater innenfor b\u00e6rekraft, anskaffelser, teknologi, personvern, arbeidsliv og regulatoriske sp\u00f8rsm\u00e5l\",\"publisher\":{\"@id\":\"https:\\\/\\\/www.vaar.law\\\/#organization\"},\"potentialAction\":[{\"@type\":\"SearchAction\",\"target\":{\"@type\":\"EntryPoint\",\"urlTemplate\":\"https:\\\/\\\/www.vaar.law\\\/?s={search_term_string}\"},\"query-input\":{\"@type\":\"PropertyValueSpecification\",\"valueRequired\":true,\"valueName\":\"search_term_string\"}}],\"inLanguage\":\"en-GB\"},{\"@type\":\"Organization\",\"@id\":\"https:\\\/\\\/www.vaar.law\\\/#organization\",\"name\":\"Vaar Advokat\",\"url\":\"https:\\\/\\\/www.vaar.law\\\/\",\"logo\":{\"@type\":\"ImageObject\",\"inLanguage\":\"en-GB\",\"@id\":\"https:\\\/\\\/www.vaar.law\\\/#\\\/schema\\\/logo\\\/image\\\/\",\"url\":\"https:\\\/\\\/www.vaar.law\\\/wp-content\\\/uploads\\\/2023\\\/09\\\/vaar-footer-logo.webp\",\"contentUrl\":\"https:\\\/\\\/www.vaar.law\\\/wp-content\\\/uploads\\\/2023\\\/09\\\/vaar-footer-logo.webp\",\"width\":155,\"height\":35,\"caption\":\"Vaar Advokat\"},\"image\":{\"@id\":\"https:\\\/\\\/www.vaar.law\\\/#\\\/schema\\\/logo\\\/image\\\/\"},\"sameAs\":[\"https:\\\/\\\/www.linkedin.com\\\/company\\\/vaaradvokat\\\/\",\"https:\\\/\\\/www.instagram.com\\\/vaar_advokat\\\/\"]},{\"@type\":\"Person\",\"@id\":\"https:\\\/\\\/www.vaar.law\\\/#\\\/schema\\\/person\\\/88dc1810efae8c515fa921844f90fa02\",\"name\":\"Brikt\",\"image\":{\"@type\":\"ImageObject\",\"inLanguage\":\"en-GB\",\"@id\":\"https:\\\/\\\/secure.gravatar.com\\\/avatar\\\/49ed2425fd0d8301ccf9d246dfbe1dfbac962ebd4eb58458fc43b6b15f5ec1e4?s=96&d=mm&r=g\",\"url\":\"https:\\\/\\\/secure.gravatar.com\\\/avatar\\\/49ed2425fd0d8301ccf9d246dfbe1dfbac962ebd4eb58458fc43b6b15f5ec1e4?s=96&d=mm&r=g\",\"contentUrl\":\"https:\\\/\\\/secure.gravatar.com\\\/avatar\\\/49ed2425fd0d8301ccf9d246dfbe1dfbac962ebd4eb58458fc43b6b15f5ec1e4?s=96&d=mm&r=g\",\"caption\":\"Brikt\"},\"url\":\"https:\\\/\\\/www.vaar.law\\\/en\\\/author\\\/brikt\\\/\"}]}<\/script>\n<!-- \/ Yoast SEO plugin. -->","yoast_head_json":{"title":"Marianne H. Dragsten toppranket i Chambers 2020 - Vaar advokat","robots":{"index":"index","follow":"follow","max-snippet":"max-snippet:-1","max-image-preview":"max-image-preview:large","max-video-preview":"max-video-preview:-1"},"canonical":"https:\/\/www.vaar.law\/en\/marianne-h-dragsten-toppranket-i-chambers-2020\/","og_locale":"en_GB","og_type":"article","og_title":"Marianne H. Dragsten toppranket i Chambers 2020 - Vaar advokat","og_description":"Chambers & Partner har publisert sin \u00e5rlige ranking av Europas ledende advokatfirmaer. Marianne H. Dragsten, partner i Vaar Advokat og ansvarlig for avdelingen for offentlige anskaffelser, har i flere \u00e5r v\u00e6rt toppranket innenfor Competition\/Antitrust: Public Procurement og fikk fornyet tillit i \u00e5r ogs\u00e5.\u00a0","og_url":"https:\/\/www.vaar.law\/en\/marianne-h-dragsten-toppranket-i-chambers-2020\/","og_site_name":"Vaar advokat","article_published_time":"2020-01-22T11:04:34+00:00","article_modified_time":"2023-11-08T12:14:44+00:00","og_image":[{"width":2560,"height":1422,"url":"https:\/\/www.vaar.law\/wp-content\/uploads\/2023\/09\/Vaar-marianne-webp-scaled.webp","type":"image\/webp"}],"author":"Brikt","twitter_card":"summary_large_image","twitter_misc":{"Written by":"Brikt","Estimated reading time":"1 minute"},"schema":{"@context":"https:\/\/schema.org","@graph":[{"@type":"Article","@id":"https:\/\/www.vaar.law\/marianne-h-dragsten-toppranket-i-chambers-2020\/#article","isPartOf":{"@id":"https:\/\/www.vaar.law\/marianne-h-dragsten-toppranket-i-chambers-2020\/"},"author":{"name":"Brikt","@id":"https:\/\/www.vaar.law\/#\/schema\/person\/88dc1810efae8c515fa921844f90fa02"},"headline":"Marianne H. Dragsten toppranket i Chambers 2020","datePublished":"2020-01-22T11:04:34+00:00","dateModified":"2023-11-08T12:14:44+00:00","mainEntityOfPage":{"@id":"https:\/\/www.vaar.law\/marianne-h-dragsten-toppranket-i-chambers-2020\/"},"wordCount":52,"publisher":{"@id":"https:\/\/www.vaar.law\/#organization"},"image":{"@id":"https:\/\/www.vaar.law\/marianne-h-dragsten-toppranket-i-chambers-2020\/#primaryimage"},"thumbnailUrl":"https:\/\/www.vaar.law\/wp-content\/uploads\/2023\/09\/Vaar-marianne-webp-scaled.webp","articleSection":["Kunngj\u00f8ringer"],"inLanguage":"en-GB"},{"@type":"WebPage","@id":"https:\/\/www.vaar.law\/marianne-h-dragsten-toppranket-i-chambers-2020\/","url":"https:\/\/www.vaar.law\/marianne-h-dragsten-toppranket-i-chambers-2020\/","name":"Marianne H. Dragsten toppranket i Chambers 2020 - Vaar advokat","isPartOf":{"@id":"https:\/\/www.vaar.law\/#website"},"primaryImageOfPage":{"@id":"https:\/\/www.vaar.law\/marianne-h-dragsten-toppranket-i-chambers-2020\/#primaryimage"},"image":{"@id":"https:\/\/www.vaar.law\/marianne-h-dragsten-toppranket-i-chambers-2020\/#primaryimage"},"thumbnailUrl":"https:\/\/www.vaar.law\/wp-content\/uploads\/2023\/09\/Vaar-marianne-webp-scaled.webp","datePublished":"2020-01-22T11:04:34+00:00","dateModified":"2023-11-08T12:14:44+00:00","breadcrumb":{"@id":"https:\/\/www.vaar.law\/marianne-h-dragsten-toppranket-i-chambers-2020\/#breadcrumb"},"inLanguage":"en-GB","potentialAction":[{"@type":"ReadAction","target":["https:\/\/www.vaar.law\/marianne-h-dragsten-toppranket-i-chambers-2020\/"]}]},{"@type":"ImageObject","inLanguage":"en-GB","@id":"https:\/\/www.vaar.law\/marianne-h-dragsten-toppranket-i-chambers-2020\/#primaryimage","url":"https:\/\/www.vaar.law\/wp-content\/uploads\/2023\/09\/Vaar-marianne-webp-scaled.webp","contentUrl":"https:\/\/www.vaar.law\/wp-content\/uploads\/2023\/09\/Vaar-marianne-webp-scaled.webp","width":2560,"height":1422},{"@type":"BreadcrumbList","@id":"https:\/\/www.vaar.law\/marianne-h-dragsten-toppranket-i-chambers-2020\/#breadcrumb","itemListElement":[{"@type":"ListItem","position":1,"name":"Home","item":"https:\/\/www.vaar.law\/"},{"@type":"ListItem","position":2,"name":"Marianne H. Dragsten toppranket i Chambers 2020"}]},{"@type":"WebSite","@id":"https:\/\/www.vaar.law\/#website","url":"https:\/\/www.vaar.law\/","name":"Vaar Advokat","description":"Ledende advokater innenfor b\u00e6rekraft, anskaffelser, teknologi, personvern, arbeidsliv og regulatoriske sp\u00f8rsm\u00e5l","publisher":{"@id":"https:\/\/www.vaar.law\/#organization"},"potentialAction":[{"@type":"SearchAction","target":{"@type":"EntryPoint","urlTemplate":"https:\/\/www.vaar.law\/?s={search_term_string}"},"query-input":{"@type":"PropertyValueSpecification","valueRequired":true,"valueName":"search_term_string"}}],"inLanguage":"en-GB"},{"@type":"Organization","@id":"https:\/\/www.vaar.law\/#organization","name":"Vaar Advokat","url":"https:\/\/www.vaar.law\/","logo":{"@type":"ImageObject","inLanguage":"en-GB","@id":"https:\/\/www.vaar.law\/#\/schema\/logo\/image\/","url":"https:\/\/www.vaar.law\/wp-content\/uploads\/2023\/09\/vaar-footer-logo.webp","contentUrl":"https:\/\/www.vaar.law\/wp-content\/uploads\/2023\/09\/vaar-footer-logo.webp","width":155,"height":35,"caption":"Vaar Advokat"},"image":{"@id":"https:\/\/www.vaar.law\/#\/schema\/logo\/image\/"},"sameAs":["https:\/\/www.linkedin.com\/company\/vaaradvokat\/","https:\/\/www.instagram.com\/vaar_advokat\/"]},{"@type":"Person","@id":"https:\/\/www.vaar.law\/#\/schema\/person\/88dc1810efae8c515fa921844f90fa02","name":"Brikt","image":{"@type":"ImageObject","inLanguage":"en-GB","@id":"https:\/\/secure.gravatar.com\/avatar\/49ed2425fd0d8301ccf9d246dfbe1dfbac962ebd4eb58458fc43b6b15f5ec1e4?s=96&d=mm&r=g","url":"https:\/\/secure.gravatar.com\/avatar\/49ed2425fd0d8301ccf9d246dfbe1dfbac962ebd4eb58458fc43b6b15f5ec1e4?s=96&d=mm&r=g","contentUrl":"https:\/\/secure.gravatar.com\/avatar\/49ed2425fd0d8301ccf9d246dfbe1dfbac962ebd4eb58458fc43b6b15f5ec1e4?s=96&d=mm&r=g","caption":"Brikt"},"url":"https:\/\/www.vaar.law\/en\/author\/brikt\/"}]}},"jetpack_publicize_connections":[],"jetpack_featured_media_url":"https:\/\/www.vaar.law\/wp-content\/uploads\/2023\/09\/Vaar-marianne-webp-scaled.webp","jetpack_sharing_enabled":true,"_links":{"self":[{"href":"https:\/\/www.vaar.law\/en\/wp-json\/wp\/v2\/posts\/7621","targetHints":{"allow":["GET"]}}],"collection":[{"href":"https:\/\/www.vaar.law\/en\/wp-json\/wp\/v2\/posts"}],"about":[{"href":"https:\/\/www.vaar.law\/en\/wp-json\/wp\/v2\/types\/post"}],"author":[{"embeddable":true,"href":"https:\/\/www.vaar.law\/en\/wp-json\/wp\/v2\/users\/2"}],"replies":[{"embeddable":true,"href":"https:\/\/www.vaar.law\/en\/wp-json\/wp\/v2\/comments?post=7621"}],"version-history":[{"count":5,"href":"https:\/\/www.vaar.law\/en\/wp-json\/wp\/v2\/posts\/7621\/revisions"}],"predecessor-version":[{"id":8793,"href":"https:\/\/www.vaar.law\/en\/wp-json\/wp\/v2\/posts\/7621\/revisions\/8793"}],"wp:featuredmedia":[{"embeddable":true,"href":"https:\/\/www.vaar.law\/en\/wp-json\/wp\/v2\/media\/7622"}],"wp:attachment":[{"href":"https:\/\/www.vaar.law\/en\/wp-json\/wp\/v2\/media?parent=7621"}],"wp:term":[{"taxonomy":"category","embeddable":true,"href":"https:\/\/www.vaar.law\/en\/wp-json\/wp\/v2\/categories?post=7621"},{"taxonomy":"post_tag","embeddable":true,"href":"https:\/\/www.vaar.law\/en\/wp-json\/wp\/v2\/tags?post=7621"}],"curies":[{"name":"wp","href":"https:\/\/api.w.org\/{rel}","templated":true}]}}