{"id":8859,"date":"2023-11-15T11:54:42","date_gmt":"2023-11-15T11:54:42","guid":{"rendered":"https:\/\/www.vaar.law\/?p=8859"},"modified":"2023-11-16T08:34:25","modified_gmt":"2023-11-16T08:34:25","slug":"kostnadene-relatert-til-psykososialt-arbeidsmiljo-gar-i-taket-2","status":"publish","type":"post","link":"https:\/\/www.vaar.law\/en\/kostnadene-relatert-til-psykososialt-arbeidsmiljo-gar-i-taket-2\/","title":{"rendered":"Kostnadene relatert til psykososialt arbeidsmilj\u00f8 g\u00e5r i taket"},"content":{"rendered":"","protected":false},"excerpt":{"rendered":"<p>En helt fersk utredning fra Arbeidstilsynet avdekker at kostnadene relatert til psykososialt arbeidsmilj\u00f8 er stadig \u00f8kende, og er n\u00e5 beregnet til \u00e5 koste virksomhetene 30 milliarder kroner \u00e5rlig. For samfunnet som helhet er tallet hele 75 milliarder kroner.<\/p>","protected":false},"author":4,"featured_media":8849,"comment_status":"closed","ping_status":"closed","sticky":false,"template":"","format":"standard","meta":{"_jetpack_memberships_contains_paid_content":false,"footnotes":"","jetpack_publicize_message":"","jetpack_publicize_feature_enabled":true,"jetpack_social_post_already_shared":false,"jetpack_social_options":{"image_generator_settings":{"template":"highway","default_image_id":0,"font":"","enabled":false},"version":2},"_wpas_customize_per_network":false},"categories":[93,91,96],"tags":[],"class_list":["post-8859","post","type-post","status-publish","format-standard","has-post-thumbnail","hentry","category-anskaffelser","category-innsikt","category-kunngjoring"],"yoast_head":"<!-- This site is optimized with the Yoast SEO plugin v27.5 - https:\/\/yoast.com\/product\/yoast-seo-wordpress\/ -->\n<title>Kostnadene relatert til psykososialt arbeidsmilj\u00f8 g\u00e5r i taket - Vaar advokat<\/title>\n<meta name=\"robots\" content=\"index, follow, max-snippet:-1, max-image-preview:large, max-video-preview:-1\" \/>\n<link rel=\"canonical\" href=\"https:\/\/www.vaar.law\/en\/kostnadene-relatert-til-psykososialt-arbeidsmiljo-gar-i-taket-2\/\" \/>\n<meta property=\"og:locale\" content=\"en_GB\" \/>\n<meta property=\"og:type\" content=\"article\" \/>\n<meta property=\"og:title\" content=\"Kostnadene relatert til psykososialt arbeidsmilj\u00f8 g\u00e5r i taket - Vaar advokat\" \/>\n<meta property=\"og:description\" content=\"En helt fersk utredning fra Arbeidstilsynet avdekker at kostnadene relatert til psykososialt arbeidsmilj\u00f8 er stadig \u00f8kende, og er n\u00e5 beregnet til \u00e5 koste virksomhetene 30 milliarder kroner \u00e5rlig. For samfunnet som helhet er tallet hele 75 milliarder kroner.\" \/>\n<meta property=\"og:url\" content=\"https:\/\/www.vaar.law\/en\/kostnadene-relatert-til-psykososialt-arbeidsmiljo-gar-i-taket-2\/\" \/>\n<meta property=\"og:site_name\" content=\"Vaar advokat\" \/>\n<meta property=\"article:published_time\" content=\"2023-11-15T11:54:42+00:00\" \/>\n<meta property=\"article:modified_time\" content=\"2023-11-16T08:34:25+00:00\" \/>\n<meta property=\"og:image\" content=\"https:\/\/www.vaar.law\/wp-content\/uploads\/2023\/11\/rob-curran-sUXXO3xPBYo-unsplash-scaled.jpg\" \/>\n\t<meta property=\"og:image:width\" content=\"2560\" \/>\n\t<meta property=\"og:image:height\" content=\"1538\" \/>\n\t<meta property=\"og:image:type\" content=\"image\/jpeg\" \/>\n<meta name=\"author\" content=\"Emma\" \/>\n<meta name=\"twitter:card\" content=\"summary_large_image\" \/>\n<meta name=\"twitter:label1\" content=\"Written by\" \/>\n\t<meta name=\"twitter:data1\" content=\"Emma\" \/>\n<script type=\"application\/ld+json\" class=\"yoast-schema-graph\">{\"@context\":\"https:\\\/\\\/schema.org\",\"@graph\":[{\"@type\":\"Article\",\"@id\":\"https:\\\/\\\/www.vaar.law\\\/kostnadene-relatert-til-psykososialt-arbeidsmiljo-gar-i-taket-2\\\/#article\",\"isPartOf\":{\"@id\":\"https:\\\/\\\/www.vaar.law\\\/kostnadene-relatert-til-psykososialt-arbeidsmiljo-gar-i-taket-2\\\/\"},\"author\":{\"name\":\"Emma\",\"@id\":\"https:\\\/\\\/www.vaar.law\\\/#\\\/schema\\\/person\\\/ebadccc15b0a915ee6031f07402f9861\"},\"headline\":\"Kostnadene relatert til psykososialt arbeidsmilj\u00f8 g\u00e5r i taket\",\"datePublished\":\"2023-11-15T11:54:42+00:00\",\"dateModified\":\"2023-11-16T08:34:25+00:00\",\"mainEntityOfPage\":{\"@id\":\"https:\\\/\\\/www.vaar.law\\\/kostnadene-relatert-til-psykososialt-arbeidsmiljo-gar-i-taket-2\\\/\"},\"wordCount\":9,\"publisher\":{\"@id\":\"https:\\\/\\\/www.vaar.law\\\/#organization\"},\"image\":{\"@id\":\"https:\\\/\\\/www.vaar.law\\\/kostnadene-relatert-til-psykososialt-arbeidsmiljo-gar-i-taket-2\\\/#primaryimage\"},\"thumbnailUrl\":\"https:\\\/\\\/www.vaar.law\\\/wp-content\\\/uploads\\\/2023\\\/11\\\/rob-curran-sUXXO3xPBYo-unsplash-scaled.jpg\",\"articleSection\":[\"Anskaffelser\",\"Innsikt\",\"Kunngj\u00f8ringer\"],\"inLanguage\":\"en-GB\"},{\"@type\":\"WebPage\",\"@id\":\"https:\\\/\\\/www.vaar.law\\\/kostnadene-relatert-til-psykososialt-arbeidsmiljo-gar-i-taket-2\\\/\",\"url\":\"https:\\\/\\\/www.vaar.law\\\/kostnadene-relatert-til-psykososialt-arbeidsmiljo-gar-i-taket-2\\\/\",\"name\":\"Kostnadene relatert til psykososialt arbeidsmilj\u00f8 g\u00e5r i taket - Vaar advokat\",\"isPartOf\":{\"@id\":\"https:\\\/\\\/www.vaar.law\\\/#website\"},\"primaryImageOfPage\":{\"@id\":\"https:\\\/\\\/www.vaar.law\\\/kostnadene-relatert-til-psykososialt-arbeidsmiljo-gar-i-taket-2\\\/#primaryimage\"},\"image\":{\"@id\":\"https:\\\/\\\/www.vaar.law\\\/kostnadene-relatert-til-psykososialt-arbeidsmiljo-gar-i-taket-2\\\/#primaryimage\"},\"thumbnailUrl\":\"https:\\\/\\\/www.vaar.law\\\/wp-content\\\/uploads\\\/2023\\\/11\\\/rob-curran-sUXXO3xPBYo-unsplash-scaled.jpg\",\"datePublished\":\"2023-11-15T11:54:42+00:00\",\"dateModified\":\"2023-11-16T08:34:25+00:00\",\"breadcrumb\":{\"@id\":\"https:\\\/\\\/www.vaar.law\\\/kostnadene-relatert-til-psykososialt-arbeidsmiljo-gar-i-taket-2\\\/#breadcrumb\"},\"inLanguage\":\"en-GB\",\"potentialAction\":[{\"@type\":\"ReadAction\",\"target\":[\"https:\\\/\\\/www.vaar.law\\\/kostnadene-relatert-til-psykososialt-arbeidsmiljo-gar-i-taket-2\\\/\"]}]},{\"@type\":\"ImageObject\",\"inLanguage\":\"en-GB\",\"@id\":\"https:\\\/\\\/www.vaar.law\\\/kostnadene-relatert-til-psykososialt-arbeidsmiljo-gar-i-taket-2\\\/#primaryimage\",\"url\":\"https:\\\/\\\/www.vaar.law\\\/wp-content\\\/uploads\\\/2023\\\/11\\\/rob-curran-sUXXO3xPBYo-unsplash-scaled.jpg\",\"contentUrl\":\"https:\\\/\\\/www.vaar.law\\\/wp-content\\\/uploads\\\/2023\\\/11\\\/rob-curran-sUXXO3xPBYo-unsplash-scaled.jpg\",\"width\":2560,\"height\":1538},{\"@type\":\"BreadcrumbList\",\"@id\":\"https:\\\/\\\/www.vaar.law\\\/kostnadene-relatert-til-psykososialt-arbeidsmiljo-gar-i-taket-2\\\/#breadcrumb\",\"itemListElement\":[{\"@type\":\"ListItem\",\"position\":1,\"name\":\"Home\",\"item\":\"https:\\\/\\\/www.vaar.law\\\/\"},{\"@type\":\"ListItem\",\"position\":2,\"name\":\"Kostnadene relatert til psykososialt arbeidsmilj\u00f8 g\u00e5r i taket\"}]},{\"@type\":\"WebSite\",\"@id\":\"https:\\\/\\\/www.vaar.law\\\/#website\",\"url\":\"https:\\\/\\\/www.vaar.law\\\/\",\"name\":\"Vaar Advokat\",\"description\":\"Ledende advokater innenfor b\u00e6rekraft, anskaffelser, teknologi, personvern, arbeidsliv og regulatoriske sp\u00f8rsm\u00e5l\",\"publisher\":{\"@id\":\"https:\\\/\\\/www.vaar.law\\\/#organization\"},\"potentialAction\":[{\"@type\":\"SearchAction\",\"target\":{\"@type\":\"EntryPoint\",\"urlTemplate\":\"https:\\\/\\\/www.vaar.law\\\/?s={search_term_string}\"},\"query-input\":{\"@type\":\"PropertyValueSpecification\",\"valueRequired\":true,\"valueName\":\"search_term_string\"}}],\"inLanguage\":\"en-GB\"},{\"@type\":\"Organization\",\"@id\":\"https:\\\/\\\/www.vaar.law\\\/#organization\",\"name\":\"Vaar Advokat\",\"url\":\"https:\\\/\\\/www.vaar.law\\\/\",\"logo\":{\"@type\":\"ImageObject\",\"inLanguage\":\"en-GB\",\"@id\":\"https:\\\/\\\/www.vaar.law\\\/#\\\/schema\\\/logo\\\/image\\\/\",\"url\":\"https:\\\/\\\/www.vaar.law\\\/wp-content\\\/uploads\\\/2023\\\/09\\\/vaar-footer-logo.webp\",\"contentUrl\":\"https:\\\/\\\/www.vaar.law\\\/wp-content\\\/uploads\\\/2023\\\/09\\\/vaar-footer-logo.webp\",\"width\":155,\"height\":35,\"caption\":\"Vaar Advokat\"},\"image\":{\"@id\":\"https:\\\/\\\/www.vaar.law\\\/#\\\/schema\\\/logo\\\/image\\\/\"},\"sameAs\":[\"https:\\\/\\\/www.linkedin.com\\\/company\\\/vaaradvokat\\\/\",\"https:\\\/\\\/www.instagram.com\\\/vaar_advokat\\\/\"]},{\"@type\":\"Person\",\"@id\":\"https:\\\/\\\/www.vaar.law\\\/#\\\/schema\\\/person\\\/ebadccc15b0a915ee6031f07402f9861\",\"name\":\"Emma\",\"image\":{\"@type\":\"ImageObject\",\"inLanguage\":\"en-GB\",\"@id\":\"https:\\\/\\\/secure.gravatar.com\\\/avatar\\\/c7c838a1a832eefbc749c48c458c4b61d138600aad3db3f8fd1519e99ff4b365?s=96&d=mm&r=g\",\"url\":\"https:\\\/\\\/secure.gravatar.com\\\/avatar\\\/c7c838a1a832eefbc749c48c458c4b61d138600aad3db3f8fd1519e99ff4b365?s=96&d=mm&r=g\",\"contentUrl\":\"https:\\\/\\\/secure.gravatar.com\\\/avatar\\\/c7c838a1a832eefbc749c48c458c4b61d138600aad3db3f8fd1519e99ff4b365?s=96&d=mm&r=g\",\"caption\":\"Emma\"},\"url\":\"https:\\\/\\\/www.vaar.law\\\/en\\\/author\\\/emma\\\/\"}]}<\/script>\n<!-- \/ Yoast SEO plugin. -->","yoast_head_json":{"title":"Kostnadene relatert til psykososialt arbeidsmilj\u00f8 g\u00e5r i taket - Vaar advokat","robots":{"index":"index","follow":"follow","max-snippet":"max-snippet:-1","max-image-preview":"max-image-preview:large","max-video-preview":"max-video-preview:-1"},"canonical":"https:\/\/www.vaar.law\/en\/kostnadene-relatert-til-psykososialt-arbeidsmiljo-gar-i-taket-2\/","og_locale":"en_GB","og_type":"article","og_title":"Kostnadene relatert til psykososialt arbeidsmilj\u00f8 g\u00e5r i taket - Vaar advokat","og_description":"En helt fersk utredning fra Arbeidstilsynet avdekker at kostnadene relatert til psykososialt arbeidsmilj\u00f8 er stadig \u00f8kende, og er n\u00e5 beregnet til \u00e5 koste virksomhetene 30 milliarder kroner \u00e5rlig. For samfunnet som helhet er tallet hele 75 milliarder kroner.","og_url":"https:\/\/www.vaar.law\/en\/kostnadene-relatert-til-psykososialt-arbeidsmiljo-gar-i-taket-2\/","og_site_name":"Vaar advokat","article_published_time":"2023-11-15T11:54:42+00:00","article_modified_time":"2023-11-16T08:34:25+00:00","og_image":[{"width":2560,"height":1538,"url":"https:\/\/www.vaar.law\/wp-content\/uploads\/2023\/11\/rob-curran-sUXXO3xPBYo-unsplash-scaled.jpg","type":"image\/jpeg"}],"author":"Emma","twitter_card":"summary_large_image","twitter_misc":{"Written by":"Emma"},"schema":{"@context":"https:\/\/schema.org","@graph":[{"@type":"Article","@id":"https:\/\/www.vaar.law\/kostnadene-relatert-til-psykososialt-arbeidsmiljo-gar-i-taket-2\/#article","isPartOf":{"@id":"https:\/\/www.vaar.law\/kostnadene-relatert-til-psykososialt-arbeidsmiljo-gar-i-taket-2\/"},"author":{"name":"Emma","@id":"https:\/\/www.vaar.law\/#\/schema\/person\/ebadccc15b0a915ee6031f07402f9861"},"headline":"Kostnadene relatert til psykososialt arbeidsmilj\u00f8 g\u00e5r i taket","datePublished":"2023-11-15T11:54:42+00:00","dateModified":"2023-11-16T08:34:25+00:00","mainEntityOfPage":{"@id":"https:\/\/www.vaar.law\/kostnadene-relatert-til-psykososialt-arbeidsmiljo-gar-i-taket-2\/"},"wordCount":9,"publisher":{"@id":"https:\/\/www.vaar.law\/#organization"},"image":{"@id":"https:\/\/www.vaar.law\/kostnadene-relatert-til-psykososialt-arbeidsmiljo-gar-i-taket-2\/#primaryimage"},"thumbnailUrl":"https:\/\/www.vaar.law\/wp-content\/uploads\/2023\/11\/rob-curran-sUXXO3xPBYo-unsplash-scaled.jpg","articleSection":["Anskaffelser","Innsikt","Kunngj\u00f8ringer"],"inLanguage":"en-GB"},{"@type":"WebPage","@id":"https:\/\/www.vaar.law\/kostnadene-relatert-til-psykososialt-arbeidsmiljo-gar-i-taket-2\/","url":"https:\/\/www.vaar.law\/kostnadene-relatert-til-psykososialt-arbeidsmiljo-gar-i-taket-2\/","name":"Kostnadene relatert til psykososialt arbeidsmilj\u00f8 g\u00e5r i taket - Vaar advokat","isPartOf":{"@id":"https:\/\/www.vaar.law\/#website"},"primaryImageOfPage":{"@id":"https:\/\/www.vaar.law\/kostnadene-relatert-til-psykososialt-arbeidsmiljo-gar-i-taket-2\/#primaryimage"},"image":{"@id":"https:\/\/www.vaar.law\/kostnadene-relatert-til-psykososialt-arbeidsmiljo-gar-i-taket-2\/#primaryimage"},"thumbnailUrl":"https:\/\/www.vaar.law\/wp-content\/uploads\/2023\/11\/rob-curran-sUXXO3xPBYo-unsplash-scaled.jpg","datePublished":"2023-11-15T11:54:42+00:00","dateModified":"2023-11-16T08:34:25+00:00","breadcrumb":{"@id":"https:\/\/www.vaar.law\/kostnadene-relatert-til-psykososialt-arbeidsmiljo-gar-i-taket-2\/#breadcrumb"},"inLanguage":"en-GB","potentialAction":[{"@type":"ReadAction","target":["https:\/\/www.vaar.law\/kostnadene-relatert-til-psykososialt-arbeidsmiljo-gar-i-taket-2\/"]}]},{"@type":"ImageObject","inLanguage":"en-GB","@id":"https:\/\/www.vaar.law\/kostnadene-relatert-til-psykososialt-arbeidsmiljo-gar-i-taket-2\/#primaryimage","url":"https:\/\/www.vaar.law\/wp-content\/uploads\/2023\/11\/rob-curran-sUXXO3xPBYo-unsplash-scaled.jpg","contentUrl":"https:\/\/www.vaar.law\/wp-content\/uploads\/2023\/11\/rob-curran-sUXXO3xPBYo-unsplash-scaled.jpg","width":2560,"height":1538},{"@type":"BreadcrumbList","@id":"https:\/\/www.vaar.law\/kostnadene-relatert-til-psykososialt-arbeidsmiljo-gar-i-taket-2\/#breadcrumb","itemListElement":[{"@type":"ListItem","position":1,"name":"Home","item":"https:\/\/www.vaar.law\/"},{"@type":"ListItem","position":2,"name":"Kostnadene relatert til psykososialt arbeidsmilj\u00f8 g\u00e5r i taket"}]},{"@type":"WebSite","@id":"https:\/\/www.vaar.law\/#website","url":"https:\/\/www.vaar.law\/","name":"Vaar Advokat","description":"Ledende advokater innenfor b\u00e6rekraft, anskaffelser, teknologi, personvern, arbeidsliv og regulatoriske sp\u00f8rsm\u00e5l","publisher":{"@id":"https:\/\/www.vaar.law\/#organization"},"potentialAction":[{"@type":"SearchAction","target":{"@type":"EntryPoint","urlTemplate":"https:\/\/www.vaar.law\/?s={search_term_string}"},"query-input":{"@type":"PropertyValueSpecification","valueRequired":true,"valueName":"search_term_string"}}],"inLanguage":"en-GB"},{"@type":"Organization","@id":"https:\/\/www.vaar.law\/#organization","name":"Vaar Advokat","url":"https:\/\/www.vaar.law\/","logo":{"@type":"ImageObject","inLanguage":"en-GB","@id":"https:\/\/www.vaar.law\/#\/schema\/logo\/image\/","url":"https:\/\/www.vaar.law\/wp-content\/uploads\/2023\/09\/vaar-footer-logo.webp","contentUrl":"https:\/\/www.vaar.law\/wp-content\/uploads\/2023\/09\/vaar-footer-logo.webp","width":155,"height":35,"caption":"Vaar Advokat"},"image":{"@id":"https:\/\/www.vaar.law\/#\/schema\/logo\/image\/"},"sameAs":["https:\/\/www.linkedin.com\/company\/vaaradvokat\/","https:\/\/www.instagram.com\/vaar_advokat\/"]},{"@type":"Person","@id":"https:\/\/www.vaar.law\/#\/schema\/person\/ebadccc15b0a915ee6031f07402f9861","name":"Emma","image":{"@type":"ImageObject","inLanguage":"en-GB","@id":"https:\/\/secure.gravatar.com\/avatar\/c7c838a1a832eefbc749c48c458c4b61d138600aad3db3f8fd1519e99ff4b365?s=96&d=mm&r=g","url":"https:\/\/secure.gravatar.com\/avatar\/c7c838a1a832eefbc749c48c458c4b61d138600aad3db3f8fd1519e99ff4b365?s=96&d=mm&r=g","contentUrl":"https:\/\/secure.gravatar.com\/avatar\/c7c838a1a832eefbc749c48c458c4b61d138600aad3db3f8fd1519e99ff4b365?s=96&d=mm&r=g","caption":"Emma"},"url":"https:\/\/www.vaar.law\/en\/author\/emma\/"}]}},"jetpack_publicize_connections":[],"jetpack_featured_media_url":"https:\/\/www.vaar.law\/wp-content\/uploads\/2023\/11\/rob-curran-sUXXO3xPBYo-unsplash-scaled.jpg","jetpack_sharing_enabled":true,"_links":{"self":[{"href":"https:\/\/www.vaar.law\/en\/wp-json\/wp\/v2\/posts\/8859","targetHints":{"allow":["GET"]}}],"collection":[{"href":"https:\/\/www.vaar.law\/en\/wp-json\/wp\/v2\/posts"}],"about":[{"href":"https:\/\/www.vaar.law\/en\/wp-json\/wp\/v2\/types\/post"}],"author":[{"embeddable":true,"href":"https:\/\/www.vaar.law\/en\/wp-json\/wp\/v2\/users\/4"}],"replies":[{"embeddable":true,"href":"https:\/\/www.vaar.law\/en\/wp-json\/wp\/v2\/comments?post=8859"}],"version-history":[{"count":5,"href":"https:\/\/www.vaar.law\/en\/wp-json\/wp\/v2\/posts\/8859\/revisions"}],"predecessor-version":[{"id":8880,"href":"https:\/\/www.vaar.law\/en\/wp-json\/wp\/v2\/posts\/8859\/revisions\/8880"}],"wp:featuredmedia":[{"embeddable":true,"href":"https:\/\/www.vaar.law\/en\/wp-json\/wp\/v2\/media\/8849"}],"wp:attachment":[{"href":"https:\/\/www.vaar.law\/en\/wp-json\/wp\/v2\/media?parent=8859"}],"wp:term":[{"taxonomy":"category","embeddable":true,"href":"https:\/\/www.vaar.law\/en\/wp-json\/wp\/v2\/categories?post=8859"},{"taxonomy":"post_tag","embeddable":true,"href":"https:\/\/www.vaar.law\/en\/wp-json\/wp\/v2\/tags?post=8859"}],"curies":[{"name":"wp","href":"https:\/\/api.w.org\/{rel}","templated":true}]}}